{"id":1518,"date":"2019-01-10T17:21:15","date_gmt":"2019-01-10T16:21:15","guid":{"rendered":"http:\/\/asdpro.fr\/?p=1518"},"modified":"2020-09-23T07:29:39","modified_gmt":"2020-09-23T05:29:39","slug":"suppression-des-tass-et-des-tci","status":"publish","type":"post","link":"https:\/\/asdpro.fr\/?p=1518","title":{"rendered":"suppression des TASS et des TCI"},"content":{"rendered":"<p>depuis le 1er janvier 2019, en application de la\u00a0<a href=\"https:\/\/www.legifrance.gouv.fr\/eli\/loi\/2016\/11\/18\/JUSX1515639L\/jo\/texte\"><i>loi n<\/i><span class=\"s2\"><i>o <\/i><\/span><i>2016-1547 du 18 novembre 2016 de modernisation de la justice du <\/i><span class=\"s3\"><i>XXI<\/i><\/span><span class=\"s2\"><i>e <\/i><\/span><\/a><i>si\u00e8cle, <\/i>les tribunaux des affaires de s\u00e9curit\u00e9 sociale (TASS) ainsi que les tribunaux du contentieux de l&#8217;incapacit\u00e9 (TCI) sont supprim\u00e9s.<\/p>\n<p>leurs comp\u00e9tences sont d\u00e9sormais transf\u00e9r\u00e9es aux tribunaux de grande instance (TGI) ou le formalisme y est beaucoup plus strict.<\/p>\n<p>Ce n\u2019est plus une simple d\u00e9claration de recours qui devra \u00eatre d\u00e9pos\u00e9e sous pli recommand\u00e9 avec accus\u00e9 de r\u00e9ception mais une v\u00e9ritable requ\u00eate comportant\u00a0<strong>des mentions obligatoires pr\u00e9cises et exposant de fa\u00e7on sommaire les motifs de la demande<\/strong>. Cette requ\u00eate devra \u00eatre accompagn\u00e9e d\u2019une copie de la d\u00e9cision contest\u00e9e, d\u2019un bordereau de pi\u00e8ces et des pi\u00e8ces que le demandeur souhaite invoquer \u00e0 l\u2019appui de son recours.<\/p>\n<p>cette requ\u00eate devra \u00eatre d\u00e9pos\u00e9e devant les &#8220;p\u00f4les sociaux&#8221; des TGI.<\/p>\n<p>On peut toutefois d\u00e9plorer l<strong>a fin de la gratuit\u00e9<\/strong>\u00a0de la proc\u00e9dure.\u00a0<strong>Des frais pourront donc d\u00e9sormais \u00eatre mis \u00e0 la charge<\/strong>\u00a0des parties, notamment les frais li\u00e9s aux expertises m\u00e9dicales qui pourraient \u00eatre ordonn\u00e9es par le juge.<\/p>\n<p>Par ailleurs, une\u00a0<strong>consultation sur place par un m\u00e9decin expert<\/strong>\u00a0(sur pi\u00e8ces ou sur examen m\u00e9dical de l\u2019assur\u00e9) pourra avoir lieu, m\u00eame pour les litiges relevant des anciens TASS.\u00a0<strong>Cette consultation m\u00e9dicale<\/strong>, qui avait quasiment syst\u00e9matiquement lieu pour les litiges relevant du contentieux technique (taux d\u2019Incapacit\u00e9 Permanente et Partielle en lien avec un accident du travail ou une maladie professionnelle, Invalidit\u00e9, Allocation Adulte Handicap\u00e9 \u2026),\u00a0<strong>ne sera toutefois pas de droit<\/strong>, d\u2019autant que certains TGI ne seront pas tous \u00e9quip\u00e9s d\u2019un cabinet m\u00e9dical permettant d\u2019assurer la confidentialit\u00e9 de l\u2019examen m\u00e9dical.<\/p>\n<a href=\"https:\/\/asdpro.fr\/wp-content\/uploads\/2019\/01\/decret.pdf\" class=\"pdfemb-viewer\" style=\"\" data-width=\"max\" data-height=\"max\" data-toolbar=\"top\" data-toolbar-fixed=\"off\">decret<\/a>\n<p><a href=\"http:\/\/asdpro.fr\/wp-content\/uploads\/2019\/01\/decret-TGI.pdf\">voir la liste des TGI et des cours d&#8217;appels comp\u00e9tants.<\/a><\/p>\n","protected":false},"excerpt":{"rendered":"depuis le 1er janvier 2019, en application de la\u00a0loi no 2016-1547 du 18 novembre 2016 de modernisation de la justice du XXIe si\u00e8cle, les tribunaux des affaires de s\u00e9curit\u00e9 sociale (TASS) ainsi que les tribunaux du contentieux de l&#8217;incapacit\u00e9 (TCI) sont supprim\u00e9s. leurs comp\u00e9tences sont d\u00e9sormais transf\u00e9r\u00e9es aux tribunaux de grande instance (TGI) ou le&#8230; <a class=\"view-article\" href=\"https:\/\/asdpro.fr\/?p=1518\">Voir l&#8217;article<\/a>","protected":false},"author":3,"featured_media":1519,"comment_status":"closed","ping_status":"closed","sticky":false,"template":"","format":"standard","meta":{"_s2mail":"yes","footnotes":""},"categories":[2],"tags":[],"class_list":["post-1518","post","type-post","status-publish","format-standard","has-post-thumbnail","hentry","category-actualites"],"_links":{"self":[{"href":"https:\/\/asdpro.fr\/index.php?rest_route=\/wp\/v2\/posts\/1518","targetHints":{"allow":["GET"]}}],"collection":[{"href":"https:\/\/asdpro.fr\/index.php?rest_route=\/wp\/v2\/posts"}],"about":[{"href":"https:\/\/asdpro.fr\/index.php?rest_route=\/wp\/v2\/types\/post"}],"author":[{"embeddable":true,"href":"https:\/\/asdpro.fr\/index.php?rest_route=\/wp\/v2\/users\/3"}],"replies":[{"embeddable":true,"href":"https:\/\/asdpro.fr\/index.php?rest_route=%2Fwp%2Fv2%2Fcomments&post=1518"}],"version-history":[{"count":7,"href":"https:\/\/asdpro.fr\/index.php?rest_route=\/wp\/v2\/posts\/1518\/revisions"}],"predecessor-version":[{"id":1553,"href":"https:\/\/asdpro.fr\/index.php?rest_route=\/wp\/v2\/posts\/1518\/revisions\/1553"}],"wp:featuredmedia":[{"embeddable":true,"href":"https:\/\/asdpro.fr\/index.php?rest_route=\/wp\/v2\/media\/1519"}],"wp:attachment":[{"href":"https:\/\/asdpro.fr\/index.php?rest_route=%2Fwp%2Fv2%2Fmedia&parent=1518"}],"wp:term":[{"taxonomy":"category","embeddable":true,"href":"https:\/\/asdpro.fr\/index.php?rest_route=%2Fwp%2Fv2%2Fcategories&post=1518"},{"taxonomy":"post_tag","embeddable":true,"href":"https:\/\/asdpro.fr\/index.php?rest_route=%2Fwp%2Fv2%2Ftags&post=1518"}],"curies":[{"name":"wp","href":"https:\/\/api.w.org\/{rel}","templated":true}]}}