{"id":1507,"date":"2018-12-18T10:37:31","date_gmt":"2018-12-18T09:37:31","guid":{"rendered":"http:\/\/asdpro.fr\/?p=1507"},"modified":"2018-12-18T10:44:36","modified_gmt":"2018-12-18T09:44:36","slug":"le-rapport-lecocq-un-danger-pour-la-prevention-des-risques-professionnels-et-une-remise-en-cause-des-principes-des-droits-a-la-reparation-des-accidents-du-travail-et-des-maladies-profe","status":"publish","type":"post","link":"https:\/\/asdpro.fr\/?p=1507","title":{"rendered":"Le rapport \u00ab Lecocq \u00bb : un danger pour la pr\u00e9vention des risques professionnels et une remise en cause des principes des droits \u00e0 la r\u00e9paration des accidents du travail et des maladies professionnelles."},"content":{"rendered":"<p>Apr\u00e8s la suppression des CHSCT, la r\u00e9forme de l\u2019inspection du travail, la r\u00e9duction des budgets allou\u00e9s aux organismes de pr\u00e9vention des risques professionnels, et les ordonnances fragilisant encore plus les travailleurs\u00a0; le gouvernement se pr\u00e9pare \u00e0 mettre en \u0153uvre les pr\u00e9conisations du rapport \u00ab\u00a0Lecocq\u00a0\u00bb, qualifi\u00e9es de \u00ab\u00a0base satisfaisante\u00a0\u00bb, et s\u2019attaque ainsi aux fondements m\u00eames du droit du travail qui repose sur la garantie et le respect du droit \u00e0 la sant\u00e9.<\/p>\n<p>&nbsp;<\/p>\n<p>Le droit \u00e0 la sant\u00e9 (qui par ailleurs un des \u00ab\u00a0droits fondamentaux\u00a0\u00bb) est le seul droit individuel des travailleurs, qui s\u2019exerce notamment au travers du \u00ab\u00a0droit de retrait\u00a0\u00bb, du droit au suivi m\u00e9dical et des droits \u00e0 la r\u00e9paration. Tous les autres \u00ab\u00a0droits\u00a0\u00bb des travailleurs au sein de l\u2019entreprise sont des droits \u00ab\u00a0collectifs\u00a0\u00bb qui s\u2019exercent par les institutions repr\u00e9sentatives du personnel. C\u2019est \u00e0 ce droit individuel que s\u2019attaque le rapport Lecocq.<\/p>\n<p>Nous publions ici deux textes qui explicitent l\u2019ensemble des remises en causes de ce droit.<\/p>\n<p>&nbsp;<\/p>\n<ul>\n<li><a href=\"http:\/\/asdpro.fr\/wp-content\/uploads\/2018\/12\/Barnier-Carre-Reggui-rapport-Lecocq-sept-2018.pdf\"><strong>Sant\u00e9 au travail\u00a0: pas de pr\u00e9vention sans coercition<\/strong><\/a><\/li>\n<\/ul>\n<p>De Alain Carr\u00e9 (m\u00e9decin du travail, membre du CA d\u2019ASD-Pro), Louis-Marie Barnier (sociologue du travail, syndicaliste CGT), Selma Reggui (sociologue, intervenante en sant\u00e9 au travail).<\/p>\n<p>&nbsp;<\/p>\n<ul>\n<li><a href=\"http:\/\/asdpro.fr\/wp-content\/uploads\/2018\/12\/Texte-Marc-Benoit-Rec-AT-MP-Oct-2018.pdf\"><strong>La Caisse accidents du travail-maladies professionnelles : une caisse bas\u00e9e sur le lien r\u00e9paration\/pr\u00e9vention<\/strong><\/a><\/li>\n<\/ul>\n<p>De Marc Beno\u00eet, syndicaliste CGT \u00e0 l\u2019INRS<\/p>\n<p>&nbsp;<\/p>\n<p>Ainsi que le <a href=\"http:\/\/asdpro.fr\/wp-content\/uploads\/2018\/12\/rapport_de_mme_charlotte_lecocq_sur_la_sante_au_travail_-_28.08.2018.pdf\"><strong>rapport Lecocq<\/strong>.<\/a><\/p>\n","protected":false},"excerpt":{"rendered":"Apr\u00e8s la suppression des CHSCT, la r\u00e9forme de l\u2019inspection du travail, la r\u00e9duction des budgets allou\u00e9s aux organismes de pr\u00e9vention des risques professionnels, et les ordonnances fragilisant encore plus les travailleurs\u00a0; le gouvernement se pr\u00e9pare \u00e0 mettre en \u0153uvre les pr\u00e9conisations du rapport \u00ab\u00a0Lecocq\u00a0\u00bb, qualifi\u00e9es de \u00ab\u00a0base satisfaisante\u00a0\u00bb, et s\u2019attaque ainsi aux fondements m\u00eames du&#8230; <a class=\"view-article\" href=\"https:\/\/asdpro.fr\/?p=1507\">Voir l&#8217;article<\/a>","protected":false},"author":3,"featured_media":1508,"comment_status":"open","ping_status":"open","sticky":false,"template":"","format":"standard","meta":{"_s2mail":"yes","footnotes":""},"categories":[2],"tags":[],"class_list":["post-1507","post","type-post","status-publish","format-standard","has-post-thumbnail","hentry","category-actualites"],"_links":{"self":[{"href":"https:\/\/asdpro.fr\/index.php?rest_route=\/wp\/v2\/posts\/1507","targetHints":{"allow":["GET"]}}],"collection":[{"href":"https:\/\/asdpro.fr\/index.php?rest_route=\/wp\/v2\/posts"}],"about":[{"href":"https:\/\/asdpro.fr\/index.php?rest_route=\/wp\/v2\/types\/post"}],"author":[{"embeddable":true,"href":"https:\/\/asdpro.fr\/index.php?rest_route=\/wp\/v2\/users\/3"}],"replies":[{"embeddable":true,"href":"https:\/\/asdpro.fr\/index.php?rest_route=%2Fwp%2Fv2%2Fcomments&post=1507"}],"version-history":[{"count":5,"href":"https:\/\/asdpro.fr\/index.php?rest_route=\/wp\/v2\/posts\/1507\/revisions"}],"predecessor-version":[{"id":1516,"href":"https:\/\/asdpro.fr\/index.php?rest_route=\/wp\/v2\/posts\/1507\/revisions\/1516"}],"wp:featuredmedia":[{"embeddable":true,"href":"https:\/\/asdpro.fr\/index.php?rest_route=\/wp\/v2\/media\/1508"}],"wp:attachment":[{"href":"https:\/\/asdpro.fr\/index.php?rest_route=%2Fwp%2Fv2%2Fmedia&parent=1507"}],"wp:term":[{"taxonomy":"category","embeddable":true,"href":"https:\/\/asdpro.fr\/index.php?rest_route=%2Fwp%2Fv2%2Fcategories&post=1507"},{"taxonomy":"post_tag","embeddable":true,"href":"https:\/\/asdpro.fr\/index.php?rest_route=%2Fwp%2Fv2%2Ftags&post=1507"}],"curies":[{"name":"wp","href":"https:\/\/api.w.org\/{rel}","templated":true}]}}